{"id":1958,"date":"2022-06-27T23:00:26","date_gmt":"2022-06-27T21:00:26","guid":{"rendered":"http:\/\/www.eagpv.at\/?p=1958"},"modified":"2022-06-27T23:10:33","modified_gmt":"2022-06-27T21:10:33","slug":"hauptausflug-generalversammlung","status":"publish","type":"post","link":"https:\/\/www.eagpv.at\/?p=1958","title":{"rendered":"Hauptausflug, Generalversammlung"},"content":{"rendered":"<div class=\"page\" title=\"Page 1\">\n<div class=\"layoutArea\">\n<div class=\"column\"><\/div>\n<\/div>\n<div class=\"layoutArea\">\n<div class=\"column\">\n<p>Am 09.06.2022 fand der Hauptausflug unseres Vereins statt. F\u00fcnf Busse aus allen Bereichen des Versorgungsgebietes der Energie AG brachten die 110 Teilnehmer zur Schiffsanlegestelle Weyer in Gmunden. Von dort erfolgte eine gro\u00dfe Seerundfahrt mit der \u201ePOSEIDON\u201c der Schifffahrt Eder. Gestartet wurde mit einem st\u00e4rkenden, zweiten Fr\u00fchst\u00fcck und gek\u00fchlten Getr\u00e4nken.<\/p>\n<p>Das Regenwetter tat der guten Stimmung keinen Abbruch und die zweieinhalb Stunden auf dem Traunsee vergingen wie im Flug.<\/p>\n<p>Im Anschluss wurde die f\u00fcr 2022 f\u00e4llige Generalversammlung des Energie AG Pensionistenvereins im Gasthof \u201eWirt am Bach\u201c in Oberweis abgehalten.<\/p>\n<p>BRV Isidor Hofbauer f\u00fchrte in bew\u00e4hrter Weise durch die Tagesordnung und informierte auch \u00fcber aktuelle Themen und Projekte im Unternehmen. Gabriele Rastinger gab einen kurzen R\u00fcckblick \u00fcber das Vereinsleben der vergangenen drei Jahre und eine Vorschau auf die k\u00fcnftige Vereinst\u00e4tigkeit.<\/p>\n<p>Bei der Wahl des Vereinsvorstandes wurde der bisherige Vorstand einstimmig wiedergew\u00e4hlt.<\/p>\n<\/div>\n<\/div>\n<div class=\"layoutArea\">\n<div class=\"column\">\n<p>Vorsitzende: \u00a0 \u00a0 \u00a0 \u00a0 \u00a0 \u00a0 \u00a0 \u00a0 \u00a0 \u00a0 \u00a0 <strong>Gabriele Rastinger<\/strong><br \/>\nErster Stellvertreter: \u00a0 \u00a0 \u00a0 <strong>Othmar Strasser<\/strong><br \/>\n<span style=\"font-size: revert;\">Zweiter Stellvertreter: \u00a0\u00a0<\/span><span style=\"font-size: revert;\"><strong>Dr. Hubert Billinger<\/strong><br \/>\n<\/span>Schriftf\u00fchrerin: \u00a0 \u00a0 \u00a0 \u00a0 \u00a0 \u00a0 \u00a0 \u00a0\u00a0<strong>Renate Blecha<\/strong><br \/>\nKassierin: \u00a0 \u00a0 \u00a0 \u00a0 \u00a0 \u00a0 \u00a0 \u00a0 \u00a0 \u00a0 \u00a0 \u00a0 \u00a0 \u00a0 <strong>Elke Pavelka<\/strong><\/p>\n<\/div>\n<div class=\"column\">\n<p><span style=\"font-size: revert;\">Mit einem abschlie\u00dfenden Mittagessen klang die Veranstaltung bei bester Stimmung aus.<\/span><\/p>\n<\/div>\n<\/div>\n<div class=\"layoutArea\">\n<div class=\"column\">\n<p><a href=\"http:\/\/www.eagpv.at\/gallerien\/Seerundfahrt_JHV_2022\/index.html\" target=\"_blank\" rel=\"noopener\">Fotos \u00a0&gt;&gt;&gt;<\/a><br \/>\n<a href=\"http:\/\/www.eagpv.at\/dokumente\/2022_Bericht_Hauptausflug_Generalversammlung.pdf\" target=\"_blank\" rel=\"noopener\">Bericht als PDF downloaden<\/a><\/p>\n<p><span style=\"color: #000000;\"><strong>Veranstaltungshinweise<br \/>\n<\/strong><\/span><\/p>\n<hr \/>\n<p><strong><span style=\"color: #ff0000;\">14.07.2022<\/span><\/strong><br \/>\nRadtour ab Obertraun \/ Koppenwinkl am Ostuferweg des Hallst\u00e4ttersees 08:30 Uhr: \u00a0 \u00a0 \u00a0 \u00a0 \u00a0Bustransfer ab Linz mit div. Zusteigestellen,\u00a0EUR 20,&#8211; Unkostenbeitrag<br \/>\nIndividuelle Einteilung der Fahrtstrecke m\u00f6glich<br \/>\nEinkehr im GH \u201eSeeraunzn\u201c (nicht im Unkostenbeitrag enthalten)<\/p>\n<hr \/>\n<p><span style=\"color: #ff0000;\"><strong><br \/>\n31.08. \u2013 02.09.2022<\/strong><\/span><br \/>\nWanderfahrt Saalachtal, Hotel \u201eBad Hochmoos\u201c, St. Martin bei Lofer<\/p>\n<p><span style=\"color: #ff0000;\"><strong>Anmeldungen f\u00fcr beide Touren noch m\u00f6glich!<br \/>\n<\/strong><\/span>(<a href=\"mailto:service@eagpv.at\">service@eagpv.at<\/a>, Tel. 0664 2263131)<\/p>\n<\/div>\n<\/div>\n<\/div>\n","protected":false},"excerpt":{"rendered":"<p>Am 09.06.2022 fand der Hauptausflug unseres Vereins statt. F\u00fcnf Busse aus allen Bereichen des Versorgungsgebietes der Energie AG brachten die 110 Teilnehmer zur Schiffsanlegestelle Weyer in Gmunden. Von dort erfolgte eine gro\u00dfe Seerundfahrt mit der \u201ePOSEIDON\u201c der Schifffahrt Eder. Gestartet wurde mit einem st\u00e4rkenden, zweiten Fr\u00fchst\u00fcck und gek\u00fchlten Getr\u00e4nken. Das Regenwetter tat der guten Stimmung &hellip; <a href=\"https:\/\/www.eagpv.at\/?p=1958\" class=\"more-link\"><span class=\"screen-reader-text\">Hauptausflug, Generalversammlung<\/span> weiterlesen <span class=\"meta-nav\">&rarr;<\/span><\/a><\/p>\n","protected":false},"author":3,"featured_media":0,"comment_status":"closed","ping_status":"open","sticky":false,"template":"","format":"standard","meta":{"footnotes":""},"categories":[1],"tags":[],"class_list":["post-1958","post","type-post","status-publish","format-standard","hentry","category-allgemein"],"_links":{"self":[{"href":"https:\/\/www.eagpv.at\/index.php?rest_route=\/wp\/v2\/posts\/1958","targetHints":{"allow":["GET"]}}],"collection":[{"href":"https:\/\/www.eagpv.at\/index.php?rest_route=\/wp\/v2\/posts"}],"about":[{"href":"https:\/\/www.eagpv.at\/index.php?rest_route=\/wp\/v2\/types\/post"}],"author":[{"embeddable":true,"href":"https:\/\/www.eagpv.at\/index.php?rest_route=\/wp\/v2\/users\/3"}],"replies":[{"embeddable":true,"href":"https:\/\/www.eagpv.at\/index.php?rest_route=%2Fwp%2Fv2%2Fcomments&post=1958"}],"version-history":[{"count":3,"href":"https:\/\/www.eagpv.at\/index.php?rest_route=\/wp\/v2\/posts\/1958\/revisions"}],"predecessor-version":[{"id":1967,"href":"https:\/\/www.eagpv.at\/index.php?rest_route=\/wp\/v2\/posts\/1958\/revisions\/1967"}],"wp:attachment":[{"href":"https:\/\/www.eagpv.at\/index.php?rest_route=%2Fwp%2Fv2%2Fmedia&parent=1958"}],"wp:term":[{"taxonomy":"category","embeddable":true,"href":"https:\/\/www.eagpv.at\/index.php?rest_route=%2Fwp%2Fv2%2Fcategories&post=1958"},{"taxonomy":"post_tag","embeddable":true,"href":"https:\/\/www.eagpv.at\/index.php?rest_route=%2Fwp%2Fv2%2Ftags&post=1958"}],"curies":[{"name":"wp","href":"https:\/\/api.w.org\/{rel}","templated":true}]}}